{"id":985,"date":"2021-11-28T18:45:36","date_gmt":"2021-11-29T00:45:36","guid":{"rendered":"https:\/\/www.intekel.com\/blog\/?p=985"},"modified":"2021-11-28T18:53:14","modified_gmt":"2021-11-29T00:53:14","slug":"conferencia-en-la-universidad-de-anahuac","status":"publish","type":"post","link":"https:\/\/www.intekel.com\/blog\/conferencia-en-la-universidad-de-anahuac\/","title":{"rendered":"Conferencia en la Universidad de An\u00e1huac"},"content":{"rendered":"\n<p>El pasado martes, <a href=\"https:\/\/www.linkedin.com\/in\/marcelatarazona\/\" data-type=\"URL\" data-id=\"https:\/\/www.linkedin.com\/in\/marcelatarazona\/\">Marcela Tarazona<\/a>, Product Marketing Manager de <a rel=\"noreferrer noopener\" href=\"https:\/\/www.intekel.com\/\" data-type=\"URL\" data-id=\"https:\/\/www.intekel.com\/\" target=\"_blank\">Intekel Automatizaci\u00f3n<\/a>, dio la conferencia \u00abC\u00f3mo potenciar tu Marca Personal y red de contactos\u00bb para estudiantes y egresados de la Universidad de An\u00e1huac M\u00e9xico. <\/p>\n\n\n\n<p>Esta iniciativa de forma parte de los esfuerzos de Intekel y la Universidad de An\u00e1huac para fomentar la empleabilidad de los j\u00f3venes mexicanos y fomentar la adopci\u00f3n de habilidad digitales para los empleos del futuro. Asimismo, de esta manera se reafirma el compromiso de Intekel de promover el conocimiento sobre tecnolog\u00eda y automatizaci\u00f3n en Veracruz y todo M\u00e9xico. <\/p>\n\n\n\n<p>El CEO de Intekel, Farid Bielma, menciona lo siguiente<\/p>\n\n\n\n<p>\u00abQueremos darle su primera experiencia laboral a todos los j\u00f3venes que quieran empezar a trabajar en la industria de tecnolog\u00eda. Tenemos colaboradores trabajando de manera remota desde diferentes ciudades de M\u00e9xico, Per\u00fa y Colombia\u00bb<\/p>\n\n\n\n<p>Por su parte, Marcela Tarazona, PMM de Intekel, comenta<\/p>\n\n\n\n<p>\u00abQueremos inspirar a los j\u00f3venes de Latinoam\u00e9rica a estudiar carreras STEM y trabajar en la industria de tecnolog\u00eda para que toda la regi\u00f3n crezca y haya diversos hubs tecnol\u00f3gicos en M\u00e9xico, Per\u00fa, Colombia, Argentina, etc. Adem\u00e1s, queremos ayudarles a conseguir empleo en esta industria r\u00e1pidamente con excelentes beneficios y que puedan lograr sus objetivos profesionales.\u00bb<\/p>\n\n\n\n<figure class=\"wp-block-image size-large is-resized\"><a href=\"https:\/\/www.intekel.com\/blog\/wp-content\/uploads\/2021\/11\/posts-intekel-35.png\"><img loading=\"lazy\" decoding=\"async\" src=\"https:\/\/www.intekel.com\/blog\/wp-content\/uploads\/2021\/11\/posts-intekel-35-1024x1024.png\" alt=\"Marcela Tarazona Product Marketing Manager\" class=\"wp-image-990\" width=\"353\" height=\"353\" srcset=\"https:\/\/www.intekel.com\/blog\/wp-content\/uploads\/2021\/11\/posts-intekel-35-1024x1024.png 1024w, https:\/\/www.intekel.com\/blog\/wp-content\/uploads\/2021\/11\/posts-intekel-35-300x300.png 300w, https:\/\/www.intekel.com\/blog\/wp-content\/uploads\/2021\/11\/posts-intekel-35-150x150.png 150w, https:\/\/www.intekel.com\/blog\/wp-content\/uploads\/2021\/11\/posts-intekel-35-768x768.png 768w, https:\/\/www.intekel.com\/blog\/wp-content\/uploads\/2021\/11\/posts-intekel-35-60x60.png 60w, https:\/\/www.intekel.com\/blog\/wp-content\/uploads\/2021\/11\/posts-intekel-35.png 1200w\" sizes=\"auto, (max-width: 353px) 100vw, 353px\" \/><\/a><\/figure>\n\n\n\n<p>Si es que deseas acceder a la grabaci\u00f3n de la conferencia y la presentaci\u00f3n de PowerPoint, escr\u00edbenos por mensaje directo en Instagram. Nos encuentras como <a rel=\"noreferrer noopener\" href=\"https:\/\/www.instagram.com\/intekel_mx\/?hl=es-la\" data-type=\"URL\" data-id=\"https:\/\/www.instagram.com\/intekel_mx\/?hl=es-la\" target=\"_blank\">@intekel_mx<\/a><\/p>\n\n\n\n<figure class=\"wp-block-image size-large\"><a href=\"https:\/\/www.intekel.com\/blog\/wp-content\/uploads\/2021\/11\/inspired-audience-1.jpg\"><img loading=\"lazy\" decoding=\"async\" width=\"1000\" height=\"500\" src=\"https:\/\/www.intekel.com\/blog\/wp-content\/uploads\/2021\/11\/inspired-audience-1.jpg\" alt=\"\" class=\"wp-image-991\" srcset=\"https:\/\/www.intekel.com\/blog\/wp-content\/uploads\/2021\/11\/inspired-audience-1.jpg 1000w, https:\/\/www.intekel.com\/blog\/wp-content\/uploads\/2021\/11\/inspired-audience-1-300x150.jpg 300w, https:\/\/www.intekel.com\/blog\/wp-content\/uploads\/2021\/11\/inspired-audience-1-768x384.jpg 768w\" sizes=\"auto, (max-width: 1000px) 100vw, 1000px\" \/><\/a><\/figure>\n","protected":false},"excerpt":{"rendered":"<p>El pasado martes, Marcela Tarazona, Product Marketing Manager de Intekel Automatizaci\u00f3n, dio la conferencia \u00abC\u00f3mo potenciar tu Marca Personal y red de contactos\u00bb para estudiantes y egresados de la Universidad de An\u00e1huac M\u00e9xico. Esta iniciativa de forma parte de los esfuerzos de Intekel y la Universidad de An\u00e1huac para fomentar la empleabilidad de los j\u00f3venes [&hellip;]<\/p>\n","protected":false},"author":1,"featured_media":989,"comment_status":"closed","ping_status":"closed","sticky":false,"template":"","format":"standard","meta":{"sfsi_plus_gutenberg_text_before_share":"","sfsi_plus_gutenberg_show_text_before_share":"","sfsi_plus_gutenberg_icon_type":"","sfsi_plus_gutenberg_icon_alignemt":"","sfsi_plus_gutenburg_max_per_row":"","footnotes":""},"categories":[6,1],"tags":[163,158,160,159,161],"class_list":["post-985","post","type-post","status-publish","format-standard","has-post-thumbnail","hentry","category-eventos","category-sin-categoria","tag-conferencias-y-eventos-en-universidad-de-mexico","tag-marcela-tarazona","tag-marcela-tarazona-manager","tag-marcela-tarazona-salazar","tag-universidad-de-anahuac"],"_links":{"self":[{"href":"https:\/\/www.intekel.com\/blog\/wp-json\/wp\/v2\/posts\/985","targetHints":{"allow":["GET"]}}],"collection":[{"href":"https:\/\/www.intekel.com\/blog\/wp-json\/wp\/v2\/posts"}],"about":[{"href":"https:\/\/www.intekel.com\/blog\/wp-json\/wp\/v2\/types\/post"}],"author":[{"embeddable":true,"href":"https:\/\/www.intekel.com\/blog\/wp-json\/wp\/v2\/users\/1"}],"replies":[{"embeddable":true,"href":"https:\/\/www.intekel.com\/blog\/wp-json\/wp\/v2\/comments?post=985"}],"version-history":[{"count":2,"href":"https:\/\/www.intekel.com\/blog\/wp-json\/wp\/v2\/posts\/985\/revisions"}],"predecessor-version":[{"id":992,"href":"https:\/\/www.intekel.com\/blog\/wp-json\/wp\/v2\/posts\/985\/revisions\/992"}],"wp:featuredmedia":[{"embeddable":true,"href":"https:\/\/www.intekel.com\/blog\/wp-json\/wp\/v2\/media\/989"}],"wp:attachment":[{"href":"https:\/\/www.intekel.com\/blog\/wp-json\/wp\/v2\/media?parent=985"}],"wp:term":[{"taxonomy":"category","embeddable":true,"href":"https:\/\/www.intekel.com\/blog\/wp-json\/wp\/v2\/categories?post=985"},{"taxonomy":"post_tag","embeddable":true,"href":"https:\/\/www.intekel.com\/blog\/wp-json\/wp\/v2\/tags?post=985"}],"curies":[{"name":"wp","href":"https:\/\/api.w.org\/{rel}","templated":true}]}}