{"id":966,"date":"2021-10-26T16:11:31","date_gmt":"2021-10-26T21:11:31","guid":{"rendered":"https:\/\/www.intekel.com\/blog\/?p=966"},"modified":"2021-10-26T16:11:34","modified_gmt":"2021-10-26T21:11:34","slug":"intekel-participa-en-expo-aladi-2021-macrorrueda-de-negocios-multisectorial","status":"publish","type":"post","link":"https:\/\/www.intekel.com\/blog\/intekel-participa-en-expo-aladi-2021-macrorrueda-de-negocios-multisectorial\/","title":{"rendered":"Intekel participa en EXPO ALADI 2021 &#8211; Macrorrueda de Negocios Multisectorial"},"content":{"rendered":"\n<p><strong><a href=\"http:\/\/www.expoaladi.org\" data-type=\"URL\" data-id=\"www.expoaladi.org\" target=\"_blank\" rel=\"noreferrer noopener\">La Macrorrueda de Negocios Aladi<\/a><\/strong>\u00a0tiene como objetivo potenciar las oportunidades de las empresas para crecer y aumentar su participaci\u00f3n en el mercado regional, en particular las mipymes, favoreciendo as\u00ed la difusi\u00f3n de la oferta exportable y el mejor aprovechamiento de las oportunidades comerciales que emanan de los acuerdos suscritos en el \u00e1mbito de la Asociaci\u00f3n Latinoamericana de Integraci\u00f3n (ALADI), generando m\u00e1s comercio, m\u00e1s conocimiento y m\u00e1s integraci\u00f3n regional. La actividad contar\u00e1 con la participaci\u00f3n de empresas de los 13 pa\u00edses miembros de ALADI (Argentina, Bolivia, Brasil, Chile, Colombia, Cuba, Ecuador, M\u00e9xico, Panam\u00e1, Paraguay, Per\u00fa, Uruguay, Venezuela), adem\u00e1s de compradores invitados de pa\u00edses de Am\u00e9rica Central y el Caribe, no miembros de la Aladi. <\/p>\n\n\n\n<p>Tendr\u00e1n un espacio para la exposici\u00f3n los sectores de alimentos y bebidas procesados; cuero y manufacturas de cuero; productos farmac\u00e9uticos, otros productos de la industria qu\u00edmica, pl\u00e1sticos y equipos m\u00e9dicos; textiles, confecciones y calzado; envases y empaques; acabados de construcci\u00f3n; materiales el\u00e9ctricos, maquinarias y equipos agr\u00edcolas, y servicios vinculados a las TICs y audiovisuales. <\/p>\n\n\n\n<p>La empresa <a rel=\"noreferrer noopener\" href=\"http:\/\/www.intekel.com\" data-type=\"URL\" data-id=\"www.intekel.com\" target=\"_blank\">Intekel Automatizaci\u00f3n<\/a> participa representando a M\u00e9xico gracias a que se ha posicionado como una de las empresas de tecnolog\u00eda con m\u00e1s crecimiento en la regi\u00f3n. Durante esta semana estar\u00e1n teniendo diferentes reuniones de negocio con empresas de toda Latinoam\u00e9rica y el Caribe para crear alianzas estrat\u00e9gicas y comerciales. <\/p>\n","protected":false},"excerpt":{"rendered":"<p>La Macrorrueda de Negocios Aladi\u00a0tiene como objetivo potenciar las oportunidades de las empresas para crecer y aumentar su participaci\u00f3n en el mercado regional, en particular las mipymes, favoreciendo as\u00ed la difusi\u00f3n de la oferta exportable y el mejor aprovechamiento de las oportunidades comerciales que emanan de los acuerdos suscritos en el \u00e1mbito de la Asociaci\u00f3n [&hellip;]<\/p>\n","protected":false},"author":1,"featured_media":967,"comment_status":"closed","ping_status":"closed","sticky":false,"template":"","format":"standard","meta":{"sfsi_plus_gutenberg_text_before_share":"","sfsi_plus_gutenberg_show_text_before_share":"","sfsi_plus_gutenberg_icon_type":"","sfsi_plus_gutenberg_icon_alignemt":"","sfsi_plus_gutenburg_max_per_row":"","footnotes":""},"categories":[6],"tags":[120,136,134],"class_list":["post-966","post","type-post","status-publish","format-standard","has-post-thumbnail","hentry","category-eventos","tag-automatizacion-2","tag-conferencia","tag-evento"],"_links":{"self":[{"href":"https:\/\/www.intekel.com\/blog\/wp-json\/wp\/v2\/posts\/966","targetHints":{"allow":["GET"]}}],"collection":[{"href":"https:\/\/www.intekel.com\/blog\/wp-json\/wp\/v2\/posts"}],"about":[{"href":"https:\/\/www.intekel.com\/blog\/wp-json\/wp\/v2\/types\/post"}],"author":[{"embeddable":true,"href":"https:\/\/www.intekel.com\/blog\/wp-json\/wp\/v2\/users\/1"}],"replies":[{"embeddable":true,"href":"https:\/\/www.intekel.com\/blog\/wp-json\/wp\/v2\/comments?post=966"}],"version-history":[{"count":1,"href":"https:\/\/www.intekel.com\/blog\/wp-json\/wp\/v2\/posts\/966\/revisions"}],"predecessor-version":[{"id":968,"href":"https:\/\/www.intekel.com\/blog\/wp-json\/wp\/v2\/posts\/966\/revisions\/968"}],"wp:featuredmedia":[{"embeddable":true,"href":"https:\/\/www.intekel.com\/blog\/wp-json\/wp\/v2\/media\/967"}],"wp:attachment":[{"href":"https:\/\/www.intekel.com\/blog\/wp-json\/wp\/v2\/media?parent=966"}],"wp:term":[{"taxonomy":"category","embeddable":true,"href":"https:\/\/www.intekel.com\/blog\/wp-json\/wp\/v2\/categories?post=966"},{"taxonomy":"post_tag","embeddable":true,"href":"https:\/\/www.intekel.com\/blog\/wp-json\/wp\/v2\/tags?post=966"}],"curies":[{"name":"wp","href":"https:\/\/api.w.org\/{rel}","templated":true}]}}