{"id":948,"date":"2021-10-04T21:07:25","date_gmt":"2021-10-05T02:07:25","guid":{"rendered":"https:\/\/www.intekel.com\/blog\/?p=948"},"modified":"2021-10-04T21:12:45","modified_gmt":"2021-10-05T02:12:45","slug":"por-que-se-cayo-whatsapp-instagram-y-facebook","status":"publish","type":"post","link":"https:\/\/www.intekel.com\/blog\/por-que-se-cayo-whatsapp-instagram-y-facebook\/","title":{"rendered":"\u00bfPor qu\u00e9 se cay\u00f3 WhatsApp, Instagram y Facebook?"},"content":{"rendered":"\n<h2 class=\"wp-block-heading\" style=\"font-size:23px\">Explicaci\u00f3n de expertos: \u00bfProblemas con el DNS, BGP?<\/h2>\n\n\n\n<p>Este lunes, Facebook y algunas de sus aplicaciones m\u00e1s utilizadas, incluidas Instagram, WhatsApp y Messenger, experimentaron una&nbsp;interrupci\u00f3n importante que afect\u00f3 a los usuarios de todo&nbsp;el&nbsp;mundo por m\u00e1s de 6 horas.<\/p>\n\n\n\n<p>Algunas de las herramientas de comunicaci\u00f3n interna de Facebook tambi\u00e9n quedaron fuera de l\u00ednea, lo que agreg\u00f3 otro obst\u00e1culo a los esfuerzos de la compa\u00f1\u00eda para que sus servicios vuelvan a funcionar.<\/p>\n\n\n\n<h2 class=\"wp-block-heading\">Razones de la ca\u00edda de WhatsApp, Instagram y Facebook<\/h2>\n\n\n\n<p>Si bien es temprano, e incluso Facebook todav\u00eda est\u00e1 investigando el problema, los empleados de Facebook y los expertos en Internet fuera de la empresa han compartido algunas teor\u00edas iniciales.<\/p>\n\n\n\n<p>Es probable que un ciberataque no&nbsp;tuviera la&nbsp;culpa, dijeron dos miembros del equipo de seguridad de Facebook a&nbsp;<a href=\"https:\/\/www.nytimes.com\/2021\/10\/04\/technology\/facebook-down.html\">The New York Times<\/a>&nbsp;, porque habr\u00eda sido dif\u00edcil que un solo ataque tuviera como objetivo la amplia variedad de tecnolog\u00edas subyacentes afectadas durante la interrupci\u00f3n.<\/p>\n\n\n\n<p>Una posibilidad es un problema con los servidores de Facebook responsables de decirles a los usuarios de Internet d\u00f3nde encontrar contenido.<\/p>\n\n\n\n<p>El director de tecnolog\u00eda de CloudFlare,&nbsp;<a href=\"https:\/\/twitter.com\/jgrahamc\/status\/1445065270272434176\">John Graham-Cumming, tuite\u00f3<\/a>&nbsp;: \u00abFacebook y las propiedades relacionadas desaparecieron de Internet en una r\u00e1faga de actualizaciones de BGP\u00bb.<\/p>\n\n\n\n<p>CloudFlare describe BGP, o&nbsp;<a href=\"https:\/\/www.cloudflare.com\/learning\/security\/glossary\/what-is-bgp\/\">protocolo de puerta de enlace fronteriza<\/a>&nbsp;, como el \u00abservicio postal de Internet &#8230; responsable de buscar todas las rutas disponibles por las que los datos podr\u00edan viajar y elegir la mejor ruta\u00bb.<\/p>\n\n\n\n<p>Justo antes de la interrupci\u00f3n de Facebook, Graham-Cunning dijo que CloudFlare detect\u00f3 \u00abuna gran cantidad de cambios de BGP (principalmente retiros de ruta)\u00bb en los sistemas aut\u00f3nomos de Facebook, b\u00e1sicamente, las sucursales de las oficinas de correos locales.<\/p>\n\n\n\n<figure class=\"wp-block-image size-large\"><a href=\"https:\/\/www.intekel.com\/blog\/wp-content\/uploads\/2021\/10\/caidafacebook.jpg\"><img loading=\"lazy\" decoding=\"async\" width=\"1024\" height=\"584\" src=\"https:\/\/www.intekel.com\/blog\/wp-content\/uploads\/2021\/10\/caidafacebook-1024x584.jpg\" alt=\"\" class=\"wp-image-952\" srcset=\"https:\/\/www.intekel.com\/blog\/wp-content\/uploads\/2021\/10\/caidafacebook-1024x584.jpg 1024w, https:\/\/www.intekel.com\/blog\/wp-content\/uploads\/2021\/10\/caidafacebook-300x171.jpg 300w, https:\/\/www.intekel.com\/blog\/wp-content\/uploads\/2021\/10\/caidafacebook-768x438.jpg 768w, https:\/\/www.intekel.com\/blog\/wp-content\/uploads\/2021\/10\/caidafacebook.jpg 1131w\" sizes=\"auto, (max-width: 1024px) 100vw, 1024px\" \/><\/a><figcaption>Facebook cae por m\u00e1s de 6 horas y sus acciones se desploman en la bolsa<\/figcaption><\/figure>\n\n\n\n<p>CloudFlare explic\u00f3 su opini\u00f3n con m\u00e1s detalle en una&nbsp;<a href=\"https:\/\/blog.cloudflare.com\/october-2021-facebook-outage\/\">publicaci\u00f3n de blog<\/a>.<\/p>\n\n\n\n<p>Brian Krebs, un investigador de seguridad, tambi\u00e9n dijo que el posible culpable fue un paso en falso por parte de Facebook que hizo que sus servicios cayeran del mapa de Internet.<\/p>\n\n\n\n<p>\u00abLos registros DNS que le dicen a los sistemas c\u00f3mo encontrar http:\/\/Facebook.com o http:\/\/Instagram.com fueron retirados esta ma\u00f1ana de la tabla de enrutamiento global\u00bb,&nbsp;<a href=\"https:\/\/twitter.com\/briankrebs\/status\/1445077617426718725\">tuite\u00f3 Krebs<\/a>&nbsp;.<\/p>\n\n\n\n<p>\u00abNo sabemos por qu\u00e9 se hizo este cambio. Bien podr\u00eda haber sido el resultado de un cambio o actualizaci\u00f3n interna de todo el sistema que sali\u00f3 mal\u00bb, agreg\u00f3.&nbsp;\u00abEn este punto, todo es especulaci\u00f3n por qu\u00e9. Solo FB tiene el control de sus registros DNS\u00bb.<\/p>\n\n\n\n<h2 class=\"wp-block-heading\">\u00bfC\u00f3mo evitar que mi software sufra una ca\u00edda?<\/h2>\n\n\n\n<p>Por su parte expertos de <a href=\"http:\/\/intekel.com\" data-type=\"URL\" data-id=\"intekel.com\">Intekel Automatizaci\u00f3n<\/a>, recomiendan a todos los trabajadores de empresas tecnol\u00f3gicas y due\u00f1os de productos SaaS, plataformas y apps en la nube o softwares internos que utilizan en su empresa, contratar a empresas de desarrollo de software y ciberseguridad que puedan orientarlos en el proceso para evitar este tipo de interrupciones en su servicios. Pues, podr\u00edan perder clientes y millones de d\u00f3lares como Mark Zuckerberg, quien perdi\u00f3 7 millones de d\u00f3lares debido a la ca\u00edda de Facebook.  <\/p>\n\n\n\n<p>Te sugerimos visitar <a href=\"http:\/\/INTEKEL.COM\" data-type=\"URL\" data-id=\"INTEKEL.COM\">Intekel.com<\/a> para conocer c\u00f3mo proteger tu negocio y tu trabajo de la mano de expertos en tecnolog\u00eda y desarrollo de software. <\/p>\n","protected":false},"excerpt":{"rendered":"<p>Explicaci\u00f3n de expertos: \u00bfProblemas con el DNS, BGP? Este lunes, Facebook y algunas de sus aplicaciones m\u00e1s utilizadas, incluidas Instagram, WhatsApp y Messenger, experimentaron una&nbsp;interrupci\u00f3n importante que afect\u00f3 a los usuarios de todo&nbsp;el&nbsp;mundo por m\u00e1s de 6 horas. Algunas de las herramientas de comunicaci\u00f3n interna de Facebook tambi\u00e9n quedaron fuera de l\u00ednea, lo que agreg\u00f3 [&hellip;]<\/p>\n","protected":false},"author":1,"featured_media":949,"comment_status":"open","ping_status":"open","sticky":false,"template":"","format":"standard","meta":{"sfsi_plus_gutenberg_text_before_share":"","sfsi_plus_gutenberg_show_text_before_share":"","sfsi_plus_gutenberg_icon_type":"","sfsi_plus_gutenberg_icon_alignemt":"","sfsi_plus_gutenburg_max_per_row":"","footnotes":""},"categories":[1],"tags":[110,113,112,114,30,115,111],"class_list":["post-948","post","type-post","status-publish","format-standard","has-post-thumbnail","hentry","category-sin-categoria","tag-desarrollo-de-software","tag-facebook","tag-instagram","tag-redes-sociales","tag-software","tag-tecnologia-2","tag-whatsapp"],"_links":{"self":[{"href":"https:\/\/www.intekel.com\/blog\/wp-json\/wp\/v2\/posts\/948","targetHints":{"allow":["GET"]}}],"collection":[{"href":"https:\/\/www.intekel.com\/blog\/wp-json\/wp\/v2\/posts"}],"about":[{"href":"https:\/\/www.intekel.com\/blog\/wp-json\/wp\/v2\/types\/post"}],"author":[{"embeddable":true,"href":"https:\/\/www.intekel.com\/blog\/wp-json\/wp\/v2\/users\/1"}],"replies":[{"embeddable":true,"href":"https:\/\/www.intekel.com\/blog\/wp-json\/wp\/v2\/comments?post=948"}],"version-history":[{"count":3,"href":"https:\/\/www.intekel.com\/blog\/wp-json\/wp\/v2\/posts\/948\/revisions"}],"predecessor-version":[{"id":955,"href":"https:\/\/www.intekel.com\/blog\/wp-json\/wp\/v2\/posts\/948\/revisions\/955"}],"wp:featuredmedia":[{"embeddable":true,"href":"https:\/\/www.intekel.com\/blog\/wp-json\/wp\/v2\/media\/949"}],"wp:attachment":[{"href":"https:\/\/www.intekel.com\/blog\/wp-json\/wp\/v2\/media?parent=948"}],"wp:term":[{"taxonomy":"category","embeddable":true,"href":"https:\/\/www.intekel.com\/blog\/wp-json\/wp\/v2\/categories?post=948"},{"taxonomy":"post_tag","embeddable":true,"href":"https:\/\/www.intekel.com\/blog\/wp-json\/wp\/v2\/tags?post=948"}],"curies":[{"name":"wp","href":"https:\/\/api.w.org\/{rel}","templated":true}]}}