{"id":846,"date":"2021-03-29T10:00:18","date_gmt":"2021-03-29T16:00:18","guid":{"rendered":"https:\/\/www.intekel.com\/blog\/?p=846"},"modified":"2021-03-29T10:00:21","modified_gmt":"2021-03-29T16:00:21","slug":"intekel-en-expo-negocios-latinoamerica","status":"publish","type":"post","link":"https:\/\/www.intekel.com\/blog\/intekel-en-expo-negocios-latinoamerica\/","title":{"rendered":"Intekel en Expo Negocios Latinoam\u00e9rica"},"content":{"rendered":"\n<p>Expo negocios Latinoam\u00e9rica abri\u00f3 sus puertas el d\u00eda 22 de Marzo , este\u00a0 evento comercial que surgi\u00f3 con la finalidad de apoyar al sector econ\u00f3mico que fue muy golpeado por la crisis econ\u00f3mica debido al Covid 19,\u00a0 inici\u00f3 con la expectativa de recibir m\u00e1s de 30 mil visitas en su plataforma y alrededor 1.000 compradores registrados de Europa y Latinoam\u00e9rica, este evento\u00a0 se desarrolla de forma virtual y en \u00e9l se llevar\u00e1n a cabo ciclos de conferencias sobre temas de inter\u00e9s y actualidad para los empresarios.<\/p>\n\n\n\n<p>La c\u00e1mara de comercio, industria y agricultura de Panam\u00e1 junto con la Agencia de Atracci\u00f3n de Inversi\u00f3n y el apoyo de la\u00a0 Promoci\u00f3n de Exportaci\u00f3n de Panam\u00e1 (PROPANAMA),\u00a0 se encargaron de la inauguraci\u00f3n de Expo negocios Latinoam\u00e9rica que se espera sea un punto de encuentro empresarial para realizar negocios, esta plataforma estar\u00e1 disponible las 24 horas hasta el d\u00eda 31 de marzo.<\/p>\n\n\n\n<p>En ella participan Expositores de Costa Rica, Colombia, El Salvador, Ecuador, Chile, Estados Unidos, Guatemala, Honduras, M\u00e9xico, Nicaragua, Panam\u00e1, Per\u00fa, Rep\u00fablica Dominicana, Reino Unido, Portugal, Espa\u00f1a, Indonesia, Corea y China, distribuidos en 17 pabellones virtuales con una capacidad de 200 nacionales e internacionales que representan m\u00e1s de 14 categor\u00edas en productos y servicios como comercio, industrias, agro, turismo, tecnolog\u00eda, servicios, log\u00edstica, salud, servicios financieros, MiPymes e industrias creativas, bienes ra\u00edces, construcci\u00f3n, autos y equipos rodantes.&nbsp;<\/p>\n\n\n\n<p>Uno de los pabellones que tiene Expo negocios Latinoam\u00e9rica es el internacional, en \u00e9l se encuentran las diferentes empresas invitadas a este evento, una de ellas es Intekel, que es\u00a0 fabricante de software robusto,soluciones electr\u00f3nicas y automatizaci\u00f3n para distintos mercados. Actualmente, la compa\u00f1\u00eda aspira ser una pieza fundamental en la nueva revoluci\u00f3n industrial que est\u00e1 ocurriendo en el mundo, ellos ofrecen servicios que incluyen tecnolog\u00edas de Inteligencia Artificial (Al) y productos de software inteligentes que ayudan en actividades de la vida diaria y de trabajo, en la feria ellos cuentan con su cat\u00e1logo de productos y agentes en l\u00ednea que te explican en tiempo real todo sobre la empresa, sus productos y servicios.<\/p>\n\n\n\n<figure class=\"wp-block-image size-large\"><a href=\"https:\/\/www.intekel.com\/blog\/wp-content\/uploads\/2021\/03\/MicrosoftTeams-image-1.png\"><img loading=\"lazy\" decoding=\"async\" width=\"1024\" height=\"445\" src=\"https:\/\/www.intekel.com\/blog\/wp-content\/uploads\/2021\/03\/MicrosoftTeams-image-1-1024x445.png\" alt=\"\" class=\"wp-image-848\" srcset=\"https:\/\/www.intekel.com\/blog\/wp-content\/uploads\/2021\/03\/MicrosoftTeams-image-1-1024x445.png 1024w, https:\/\/www.intekel.com\/blog\/wp-content\/uploads\/2021\/03\/MicrosoftTeams-image-1-300x130.png 300w, https:\/\/www.intekel.com\/blog\/wp-content\/uploads\/2021\/03\/MicrosoftTeams-image-1-768x333.png 768w, https:\/\/www.intekel.com\/blog\/wp-content\/uploads\/2021\/03\/MicrosoftTeams-image-1.png 1184w\" sizes=\"auto, (max-width: 1024px) 100vw, 1024px\" \/><\/a><\/figure>\n","protected":false},"excerpt":{"rendered":"<p>Expo negocios Latinoam\u00e9rica abri\u00f3 sus puertas el d\u00eda 22 de Marzo , este\u00a0 evento comercial que surgi\u00f3 con la finalidad de apoyar al sector econ\u00f3mico que fue muy golpeado por la crisis econ\u00f3mica debido al Covid 19,\u00a0 inici\u00f3 con la expectativa de recibir m\u00e1s de 30 mil visitas en su plataforma y alrededor 1.000 compradores [&hellip;]<\/p>\n","protected":false},"author":1,"featured_media":847,"comment_status":"closed","ping_status":"closed","sticky":false,"template":"","format":"standard","meta":{"sfsi_plus_gutenberg_text_before_share":"","sfsi_plus_gutenberg_show_text_before_share":"","sfsi_plus_gutenberg_icon_type":"","sfsi_plus_gutenberg_icon_alignemt":"","sfsi_plus_gutenburg_max_per_row":"","footnotes":""},"categories":[9,8,6,16,15,5],"tags":[31,32,28,27,29,30],"class_list":["post-846","post","type-post","status-publish","format-standard","has-post-thumbnail","hentry","category-automatizacion","category-empleo","category-eventos","category-productos","category-publicaciones","category-reconocimientos","tag-automatizacion","tag-covid-19","tag-exponegocios","tag-latinoamerica","tag-panama","tag-software"],"_links":{"self":[{"href":"https:\/\/www.intekel.com\/blog\/wp-json\/wp\/v2\/posts\/846","targetHints":{"allow":["GET"]}}],"collection":[{"href":"https:\/\/www.intekel.com\/blog\/wp-json\/wp\/v2\/posts"}],"about":[{"href":"https:\/\/www.intekel.com\/blog\/wp-json\/wp\/v2\/types\/post"}],"author":[{"embeddable":true,"href":"https:\/\/www.intekel.com\/blog\/wp-json\/wp\/v2\/users\/1"}],"replies":[{"embeddable":true,"href":"https:\/\/www.intekel.com\/blog\/wp-json\/wp\/v2\/comments?post=846"}],"version-history":[{"count":1,"href":"https:\/\/www.intekel.com\/blog\/wp-json\/wp\/v2\/posts\/846\/revisions"}],"predecessor-version":[{"id":849,"href":"https:\/\/www.intekel.com\/blog\/wp-json\/wp\/v2\/posts\/846\/revisions\/849"}],"wp:featuredmedia":[{"embeddable":true,"href":"https:\/\/www.intekel.com\/blog\/wp-json\/wp\/v2\/media\/847"}],"wp:attachment":[{"href":"https:\/\/www.intekel.com\/blog\/wp-json\/wp\/v2\/media?parent=846"}],"wp:term":[{"taxonomy":"category","embeddable":true,"href":"https:\/\/www.intekel.com\/blog\/wp-json\/wp\/v2\/categories?post=846"},{"taxonomy":"post_tag","embeddable":true,"href":"https:\/\/www.intekel.com\/blog\/wp-json\/wp\/v2\/tags?post=846"}],"curies":[{"name":"wp","href":"https:\/\/api.w.org\/{rel}","templated":true}]}}