{"id":812,"date":"2020-10-19T17:15:32","date_gmt":"2020-10-19T22:15:32","guid":{"rendered":"https:\/\/www.intekel.com\/blog\/?p=812"},"modified":"2020-10-19T17:15:35","modified_gmt":"2020-10-19T22:15:35","slug":"convenio-de-colaboradores-latinoamericanos-ceap-de-la-alianza-del-pacifico","status":"publish","type":"post","link":"https:\/\/www.intekel.com\/blog\/convenio-de-colaboradores-latinoamericanos-ceap-de-la-alianza-del-pacifico\/","title":{"rendered":"Convenio de colaboradores latinoamericanos, CEAP de la Alianza del Pac\u00edfico."},"content":{"rendered":"\n<p>Programa CEAP de la Alianza del Pac\u00edfico. <\/p>\n\n\n\n<p>29 de Septiembre del 2020 <\/p>\n\n\n\n<figure class=\"wp-block-image size-large\"><img loading=\"lazy\" decoding=\"async\" width=\"4635\" height=\"4825\" src=\"https:\/\/www.intekel.com\/blog\/wp-content\/uploads\/2020\/09\/alianzapacificocopia.png\" alt=\"\" class=\"wp-image-784\"\/><\/figure>\n\n\n\n<p>Este&nbsp;<strong>28 de septiembre del 2020<\/strong>&nbsp;se incorporan a la\nfamilia de Intekel Automatizaci\u00f3n, 4 j\u00f3venes del programa CEAP de la Alianza\ndel Pac\u00edfico, un hecho que marcar\u00e1 un antes y un despu\u00e9s en el crecimiento como\nempresa de&nbsp;<a href=\"https:\/\/www.intekel.com\/es\/\">INTEKEL\nAUTOMATIZACI\u00d3N<\/a>, se busca incorporar a sus filas colaboradores de\ndiversos pa\u00edses.<\/p>\n\n\n\n<p>Este esfuerzo es con la finalidad de ampliar las oportunidades laborales\npara j\u00f3venes que demuestran un deseo de superaci\u00f3n y compromiso en cumplir con\nlos valores principales de INTEKEL AUTOMATIZACI\u00d3N y as\u00ed poder hacer llegar a\nm\u00e1s m\u00e1s pa\u00edses la misi\u00f3n, visi\u00f3n y valores de nuestra empresa.<\/p>\n\n\n\n<hr class=\"wp-block-separator\"\/>\n\n\n\n<p>Este paso inicial se pudo lograr gracias a la participaci\u00f3n de&nbsp;<a href=\"https:\/\/www.intekel.com\/es\/\">INTEKEL\nAUTOMATIZACI\u00d3N<\/a>&nbsp;en un convenio con&nbsp;<a href=\"https:\/\/alianzapacifico.net\/\">ALIANZA DEL\nPAC\u00cdFICO<\/a>, juntos pretenden impulsar el desarrollo de los j\u00f3venes en\n\u00e1mbitos laborales referentes al campo de tecnolog\u00eda, enfocados a facilitar los\nprocesos industriales y de la vida cotidiana.<\/p>\n","protected":false},"excerpt":{"rendered":"<p>Programa CEAP de la Alianza del Pac\u00edfico. 29 de Septiembre del 2020 Este&nbsp;28 de septiembre del 2020&nbsp;se incorporan a la familia de Intekel Automatizaci\u00f3n, 4 j\u00f3venes del programa CEAP de la Alianza del Pac\u00edfico, un hecho que marcar\u00e1 un antes y un despu\u00e9s en el crecimiento como empresa de&nbsp;INTEKEL AUTOMATIZACI\u00d3N, se busca incorporar a sus [&hellip;]<\/p>\n","protected":false},"author":1,"featured_media":0,"comment_status":"closed","ping_status":"closed","sticky":false,"template":"","format":"standard","meta":{"sfsi_plus_gutenberg_text_before_share":"","sfsi_plus_gutenberg_show_text_before_share":"","sfsi_plus_gutenberg_icon_type":"","sfsi_plus_gutenberg_icon_alignemt":"","sfsi_plus_gutenburg_max_per_row":"","footnotes":""},"categories":[1],"tags":[],"class_list":["post-812","post","type-post","status-publish","format-standard","hentry","category-sin-categoria"],"_links":{"self":[{"href":"https:\/\/www.intekel.com\/blog\/wp-json\/wp\/v2\/posts\/812","targetHints":{"allow":["GET"]}}],"collection":[{"href":"https:\/\/www.intekel.com\/blog\/wp-json\/wp\/v2\/posts"}],"about":[{"href":"https:\/\/www.intekel.com\/blog\/wp-json\/wp\/v2\/types\/post"}],"author":[{"embeddable":true,"href":"https:\/\/www.intekel.com\/blog\/wp-json\/wp\/v2\/users\/1"}],"replies":[{"embeddable":true,"href":"https:\/\/www.intekel.com\/blog\/wp-json\/wp\/v2\/comments?post=812"}],"version-history":[{"count":1,"href":"https:\/\/www.intekel.com\/blog\/wp-json\/wp\/v2\/posts\/812\/revisions"}],"predecessor-version":[{"id":813,"href":"https:\/\/www.intekel.com\/blog\/wp-json\/wp\/v2\/posts\/812\/revisions\/813"}],"wp:attachment":[{"href":"https:\/\/www.intekel.com\/blog\/wp-json\/wp\/v2\/media?parent=812"}],"wp:term":[{"taxonomy":"category","embeddable":true,"href":"https:\/\/www.intekel.com\/blog\/wp-json\/wp\/v2\/categories?post=812"},{"taxonomy":"post_tag","embeddable":true,"href":"https:\/\/www.intekel.com\/blog\/wp-json\/wp\/v2\/tags?post=812"}],"curies":[{"name":"wp","href":"https:\/\/api.w.org\/{rel}","templated":true}]}}