{"id":723,"date":"2020-06-01T23:23:03","date_gmt":"2020-06-02T04:23:03","guid":{"rendered":"https:\/\/www.intekel.com\/blog\/?p=723"},"modified":"2020-06-01T23:23:06","modified_gmt":"2020-06-02T04:23:06","slug":"webinar-como-transformar-tu-negocio-postcovid19","status":"publish","type":"post","link":"https:\/\/www.intekel.com\/blog\/webinar-como-transformar-tu-negocio-postcovid19\/","title":{"rendered":"Webinar: Como transformar tu negocio postcovid19"},"content":{"rendered":"\n<p> La llamada nueva realidad exige que muchos negocios se transformen y cambien sus modelos de negocio para sobrevivir y competir exitosamente. <\/p>\n\n\n\n<p> Horman Millan y Armando Moguel y Anza estar\u00e1n con el equipo de INTEKEL AUTOMATIZACI\u00d3N compartiendo experiencias de empresas nacionales y de centroam\u00e9rica. <\/p>\n\n\n\n<p>Cuando:<br>Mi\u00e9rcoles 03-Junio<br>10:00 hrs (tiempo de CDMX)<br>08:00 hrs (tiempo de Tijuana)<br>11:00 hrs (tiempo de Miami) <\/p>\n\n\n\n<p>Registro gratuito por ZOOM:<br> <a href=\"https:\/\/zoom.us\/meeting\/register\/tJwqduCsqzMjG9zYVCQuKmrabvbdi5DtAmAB?timezone_id=America%2FMexico_City\">https:\/\/zoom.us\/meeting\/register\/tJwqduCsqzMjG9zYVCQuKmrabvbdi5DtAmAB?timezone_id=America%2FMexico_City<\/a> <\/p>\n\n\n\n<p><\/p>\n\n\n\n<figure class=\"wp-block-image size-large\"><img loading=\"lazy\" decoding=\"async\" width=\"675\" height=\"1024\" src=\"https:\/\/www.intekel.com\/blog\/wp-content\/uploads\/2020\/06\/Promocion2-675x1024.png\" alt=\"\" class=\"wp-image-724\" srcset=\"https:\/\/www.intekel.com\/blog\/wp-content\/uploads\/2020\/06\/Promocion2-675x1024.png 675w, https:\/\/www.intekel.com\/blog\/wp-content\/uploads\/2020\/06\/Promocion2-198x300.png 198w, https:\/\/www.intekel.com\/blog\/wp-content\/uploads\/2020\/06\/Promocion2-768x1164.png 768w, https:\/\/www.intekel.com\/blog\/wp-content\/uploads\/2020\/06\/Promocion2.png 800w\" sizes=\"auto, (max-width: 675px) 100vw, 675px\" \/><\/figure>\n\n\n\n<p><\/p>\n","protected":false},"excerpt":{"rendered":"<p>La llamada nueva realidad exige que muchos negocios se transformen y cambien sus modelos de negocio para sobrevivir y competir exitosamente. Horman Millan y Armando Moguel y Anza estar\u00e1n con el equipo de INTEKEL AUTOMATIZACI\u00d3N compartiendo experiencias de empresas nacionales y de centroam\u00e9rica. Cuando:Mi\u00e9rcoles 03-Junio10:00 hrs (tiempo de CDMX)08:00 hrs (tiempo de Tijuana)11:00 hrs (tiempo [&hellip;]<\/p>\n","protected":false},"author":1,"featured_media":0,"comment_status":"closed","ping_status":"closed","sticky":false,"template":"","format":"standard","meta":{"sfsi_plus_gutenberg_text_before_share":"","sfsi_plus_gutenberg_show_text_before_share":"","sfsi_plus_gutenberg_icon_type":"","sfsi_plus_gutenberg_icon_alignemt":"","sfsi_plus_gutenburg_max_per_row":"","footnotes":""},"categories":[6],"tags":[],"class_list":["post-723","post","type-post","status-publish","format-standard","hentry","category-eventos"],"_links":{"self":[{"href":"https:\/\/www.intekel.com\/blog\/wp-json\/wp\/v2\/posts\/723","targetHints":{"allow":["GET"]}}],"collection":[{"href":"https:\/\/www.intekel.com\/blog\/wp-json\/wp\/v2\/posts"}],"about":[{"href":"https:\/\/www.intekel.com\/blog\/wp-json\/wp\/v2\/types\/post"}],"author":[{"embeddable":true,"href":"https:\/\/www.intekel.com\/blog\/wp-json\/wp\/v2\/users\/1"}],"replies":[{"embeddable":true,"href":"https:\/\/www.intekel.com\/blog\/wp-json\/wp\/v2\/comments?post=723"}],"version-history":[{"count":2,"href":"https:\/\/www.intekel.com\/blog\/wp-json\/wp\/v2\/posts\/723\/revisions"}],"predecessor-version":[{"id":726,"href":"https:\/\/www.intekel.com\/blog\/wp-json\/wp\/v2\/posts\/723\/revisions\/726"}],"wp:attachment":[{"href":"https:\/\/www.intekel.com\/blog\/wp-json\/wp\/v2\/media?parent=723"}],"wp:term":[{"taxonomy":"category","embeddable":true,"href":"https:\/\/www.intekel.com\/blog\/wp-json\/wp\/v2\/categories?post=723"},{"taxonomy":"post_tag","embeddable":true,"href":"https:\/\/www.intekel.com\/blog\/wp-json\/wp\/v2\/tags?post=723"}],"curies":[{"name":"wp","href":"https:\/\/api.w.org\/{rel}","templated":true}]}}