{"id":635,"date":"2020-03-27T09:23:00","date_gmt":"2020-03-27T15:23:00","guid":{"rendered":"http:\/\/www.intekel.com\/blog\/?p=635"},"modified":"2020-03-27T11:38:21","modified_gmt":"2020-03-27T17:38:21","slug":"nuevas-caracteristicas-de-bluespend-para-su-version-movil-y-web","status":"publish","type":"post","link":"https:\/\/www.intekel.com\/blog\/nuevas-caracteristicas-de-bluespend-para-su-version-movil-y-web\/","title":{"rendered":"Accede a las nuevas caracter\u00edsticas de Bluespend para su versi\u00f3n m\u00f3vil y web"},"content":{"rendered":"\n<p>Escribimos esta gu\u00eda para presentarte las nuevas caracter\u00edsticas que hemos publicado en Bluespend para sus distintas plataformas, mismas que aqu\u00ed enumeramos:<\/p>\n\n\n\n<h2 class=\"wp-block-heading\">APLICACI\u00d3N M\u00d3VIL.<\/h2>\n\n\n\n<ol class=\"wp-block-list\"><li>&#8211; En caso que usted desee reportar una incidencia o sugerencias de mejoras, podr\u00e1 acceder en el men\u00fa de soporte de la app e ingresar a nuestro centro de soporte, en ese apartado publicar\u00e1 el problema y le daremos seguimiento oportunamente.<\/li><\/ol>\n\n\n\n<div class=\"wp-block-image\"><figure class=\"aligncenter size-large is-resized\"><img loading=\"lazy\" decoding=\"async\" src=\"http:\/\/www.intekel.com\/blog\/wp-content\/uploads\/2020\/03\/reportar-incidencias-Bluespend-1024x576.jpg\" alt=\"Incidencias Bluespend\" class=\"wp-image-636\" width=\"622\" height=\"349\" srcset=\"https:\/\/www.intekel.com\/blog\/wp-content\/uploads\/2020\/03\/reportar-incidencias-Bluespend-1024x576.jpg 1024w, https:\/\/www.intekel.com\/blog\/wp-content\/uploads\/2020\/03\/reportar-incidencias-Bluespend-300x169.jpg 300w, https:\/\/www.intekel.com\/blog\/wp-content\/uploads\/2020\/03\/reportar-incidencias-Bluespend-768x432.jpg 768w, https:\/\/www.intekel.com\/blog\/wp-content\/uploads\/2020\/03\/reportar-incidencias-Bluespend-730x410.jpg 730w, https:\/\/www.intekel.com\/blog\/wp-content\/uploads\/2020\/03\/reportar-incidencias-Bluespend.jpg 1280w\" sizes=\"auto, (max-width: 622px) 100vw, 622px\" \/><\/figure><\/div>\n\n\n\n<p>2.- En la pantalla principal de comprobaciones, se agreg\u00f3 una funci\u00f3n para visualizar la sumatoria de todas los gastos cargados a la aplicaci\u00f3n. De igual manera, al ingresar a una comprobaci\u00f3n espec\u00edfica se puede visualizar la sumatoria total de esa comprobaci\u00f3n.<\/p>\n\n\n\n<figure class=\"wp-block-gallery columns-1 is-cropped wp-block-gallery-1 is-layout-flex wp-block-gallery-is-layout-flex\"><ul class=\"blocks-gallery-grid\"><li class=\"blocks-gallery-item\"><figure><img loading=\"lazy\" decoding=\"async\" width=\"1024\" height=\"576\" src=\"https:\/\/www.intekel.com\/blog\/wp-content\/uploads\/2020\/03\/sumatoria-gastos-2-1024x576.png\" alt=\"\" data-id=\"657\" data-full-url=\"https:\/\/www.intekel.com\/blog\/wp-content\/uploads\/2020\/03\/sumatoria-gastos-2.png\" data-link=\"https:\/\/www.intekel.com\/blog\/nuevas-caracteristicas-de-bluespend-para-su-version-movil-y-web\/sumatoria-gastos-2\/\" class=\"wp-image-657\" srcset=\"https:\/\/www.intekel.com\/blog\/wp-content\/uploads\/2020\/03\/sumatoria-gastos-2-1024x576.png 1024w, https:\/\/www.intekel.com\/blog\/wp-content\/uploads\/2020\/03\/sumatoria-gastos-2-300x169.png 300w, https:\/\/www.intekel.com\/blog\/wp-content\/uploads\/2020\/03\/sumatoria-gastos-2-768x432.png 768w, https:\/\/www.intekel.com\/blog\/wp-content\/uploads\/2020\/03\/sumatoria-gastos-2-730x410.png 730w, https:\/\/www.intekel.com\/blog\/wp-content\/uploads\/2020\/03\/sumatoria-gastos-2.png 1280w\" sizes=\"auto, (max-width: 1024px) 100vw, 1024px\" \/><\/figure><\/li><\/ul><\/figure>\n\n\n\n<p>3.- En la secci\u00f3n del historial de gastos, se agregaron nuevas funciones para permitir revisar el hist\u00f3rico de los gastos en diferentes estatus y se mejor\u00f3 la visualizaci\u00f3n de gastos no fiscales o extranjeros.<\/p>\n\n\n\n<div class=\"wp-block-image\"><figure class=\"aligncenter size-large is-resized\"><img loading=\"lazy\" decoding=\"async\" src=\"https:\/\/www.intekel.com\/blog\/wp-content\/uploads\/2020\/03\/Historial_gastos-1.png\" alt=\"\" class=\"wp-image-660\" width=\"390\" height=\"668\" srcset=\"https:\/\/www.intekel.com\/blog\/wp-content\/uploads\/2020\/03\/Historial_gastos-1.png 540w, https:\/\/www.intekel.com\/blog\/wp-content\/uploads\/2020\/03\/Historial_gastos-1-175x300.png 175w\" sizes=\"auto, (max-width: 390px) 100vw, 390px\" \/><\/figure><\/div>\n\n\n\n<p>4.- En pantalla principal de la aplicaci\u00f3n, al  dar clic en el Avatar de la parte superior se abre una ventana para poder agregar un nuevo Avatar o poder poder cambiar de contrase\u00f1a en caso que se desee. <\/p>\n\n\n\n<figure class=\"wp-block-image size-large\"><img loading=\"lazy\" decoding=\"async\" width=\"1024\" height=\"576\" src=\"https:\/\/www.intekel.com\/blog\/wp-content\/uploads\/2020\/03\/actualizar-avatar-1-1024x576.png\" alt=\"\" class=\"wp-image-649\" srcset=\"https:\/\/www.intekel.com\/blog\/wp-content\/uploads\/2020\/03\/actualizar-avatar-1-1024x576.png 1024w, https:\/\/www.intekel.com\/blog\/wp-content\/uploads\/2020\/03\/actualizar-avatar-1-300x169.png 300w, https:\/\/www.intekel.com\/blog\/wp-content\/uploads\/2020\/03\/actualizar-avatar-1-768x432.png 768w, https:\/\/www.intekel.com\/blog\/wp-content\/uploads\/2020\/03\/actualizar-avatar-1-730x410.png 730w, https:\/\/www.intekel.com\/blog\/wp-content\/uploads\/2020\/03\/actualizar-avatar-1.png 1280w\" sizes=\"auto, (max-width: 1024px) 100vw, 1024px\" \/><\/figure>\n\n\n\n<p>5.- Se agreg\u00f3 una funcionalidad a la aplicaci\u00f3n para validar que los Usuarios siempre tengan la \u00faltima versi\u00f3n de la app, en caso que la aplicaci\u00f3n est\u00e9 desactualizada le enviar\u00e1 un mensaje de alerta cuando escriba su Usuario y Contrase\u00f1a, este cambio aplica desde la versi\u00f3n 0.1.0 publicada en el marketplace de Google el 24 de marzo de 2020, puede actualizar su aplicaci\u00f3n en el siguiente enlace:<br> <a href=\"https:\/\/play.google.com\/store\/apps\/details?id=io.intekel.bluespend&amp;hl=es_MX\">https:\/\/play.google.com\/store\/apps\/details?id=io.intekel.bluespend&amp;hl=es_MX<\/a> <br><br>Para el caso de iOS de Apple, en pr\u00f3ximos d\u00edas estar\u00e1 publicada la app en el AppStore.<\/p>\n\n\n\n<br><br>\n\n\n\n<h2 class=\"wp-block-heading\">APLICACI\u00d3N WEB.<\/h2>\n\n\n\n<p>1.- En la secci\u00f3n de restricciones de gastos por empresa, ahora es m\u00e1s f\u00e1cil agregar restricciones, ya que se pueden agregar las restricciones de forma m\u00faltiple para las \u00e1reas de la empresa o los proyectos. Las restricciones de gastos que tiene la aplicaci\u00f3n son por moneda, cantidad, cantidad por d\u00eda, tipo de pago y fecha. <\/p>\n\n\n\n<figure class=\"wp-block-image size-large\"><img loading=\"lazy\" decoding=\"async\" width=\"800\" height=\"388\" src=\"https:\/\/www.intekel.com\/blog\/wp-content\/uploads\/2020\/03\/Restricciones_cargamultiple2.png\" alt=\"\" class=\"wp-image-651\" srcset=\"https:\/\/www.intekel.com\/blog\/wp-content\/uploads\/2020\/03\/Restricciones_cargamultiple2.png 800w, https:\/\/www.intekel.com\/blog\/wp-content\/uploads\/2020\/03\/Restricciones_cargamultiple2-300x146.png 300w, https:\/\/www.intekel.com\/blog\/wp-content\/uploads\/2020\/03\/Restricciones_cargamultiple2-768x372.png 768w\" sizes=\"auto, (max-width: 800px) 100vw, 800px\" \/><\/figure>\n\n\n\n<p>2.- Se agreg\u00f3 una funci\u00f3n para asignar un validador a diferentes \u00e1reas, esto permite facilitar la asignaci\u00f3n de validadores a los diferentes departamentos.<\/p>\n\n\n\n<figure class=\"wp-block-image size-large\"><img loading=\"lazy\" decoding=\"async\" width=\"800\" height=\"385\" src=\"https:\/\/www.intekel.com\/blog\/wp-content\/uploads\/2020\/03\/validadores_multiples.png\" alt=\"\" class=\"wp-image-652\" srcset=\"https:\/\/www.intekel.com\/blog\/wp-content\/uploads\/2020\/03\/validadores_multiples.png 800w, https:\/\/www.intekel.com\/blog\/wp-content\/uploads\/2020\/03\/validadores_multiples-300x144.png 300w, https:\/\/www.intekel.com\/blog\/wp-content\/uploads\/2020\/03\/validadores_multiples-768x370.png 768w\" sizes=\"auto, (max-width: 800px) 100vw, 800px\" \/><\/figure>\n\n\n\n<p>3.- Cuando los Usuarios suben sus comprobaciones, la aplicaci\u00f3n le indica a los Usuarios la suma del total de gastos fiscales o no fiscales cargados en la comprobaci\u00f3n.<\/p>\n\n\n\n<figure class=\"wp-block-image size-large\"><img loading=\"lazy\" decoding=\"async\" width=\"1024\" height=\"438\" src=\"https:\/\/www.intekel.com\/blog\/wp-content\/uploads\/2020\/03\/Sumatoria-gastos-1-1024x438.png\" alt=\"\" class=\"wp-image-641\" srcset=\"https:\/\/www.intekel.com\/blog\/wp-content\/uploads\/2020\/03\/Sumatoria-gastos-1-1024x438.png 1024w, https:\/\/www.intekel.com\/blog\/wp-content\/uploads\/2020\/03\/Sumatoria-gastos-1-300x128.png 300w, https:\/\/www.intekel.com\/blog\/wp-content\/uploads\/2020\/03\/Sumatoria-gastos-1-768x328.png 768w, https:\/\/www.intekel.com\/blog\/wp-content\/uploads\/2020\/03\/Sumatoria-gastos-1.png 1343w\" sizes=\"auto, (max-width: 1024px) 100vw, 1024px\" \/><\/figure>\n\n\n\n<p>4.- Al visualizar los gastos fiscales, se agreg\u00f3 una funci\u00f3n para que los Validadores y Aprobadores puedan imprimir la factura o exportarla a PDF.<\/p>\n\n\n\n<figure class=\"wp-block-image size-large\"><img loading=\"lazy\" decoding=\"async\" width=\"1024\" height=\"496\" src=\"https:\/\/www.intekel.com\/blog\/wp-content\/uploads\/2020\/03\/visualizar_fiscal-1024x496.png\" alt=\"\" class=\"wp-image-653\" srcset=\"https:\/\/www.intekel.com\/blog\/wp-content\/uploads\/2020\/03\/visualizar_fiscal-1024x496.png 1024w, https:\/\/www.intekel.com\/blog\/wp-content\/uploads\/2020\/03\/visualizar_fiscal-300x145.png 300w, https:\/\/www.intekel.com\/blog\/wp-content\/uploads\/2020\/03\/visualizar_fiscal-768x372.png 768w, https:\/\/www.intekel.com\/blog\/wp-content\/uploads\/2020\/03\/visualizar_fiscal.png 1345w\" sizes=\"auto, (max-width: 1024px) 100vw, 1024px\" \/><\/figure>\n\n\n\n<p>5.- Para el caso de M\u00e9xico, se agreg\u00f3 una funcionalidad para que todas las facturas que se han subido a Bluespend se pueda monitorear si el proveedor est\u00e1 en lista negra del SAT (EFOs).<\/p>\n\n\n\n<figure class=\"wp-block-embed-youtube wp-block-embed is-type-video is-provider-youtube wp-embed-aspect-16-9 wp-has-aspect-ratio\"><div class=\"wp-block-embed__wrapper\">\n<iframe loading=\"lazy\" title=\"Bluespend monitorea que tus proveedores de gastos no est\u00e9n en la lista de EFOs en el SAT\" width=\"730\" height=\"411\" src=\"https:\/\/www.youtube.com\/embed\/WmT8o05ibU0?feature=oembed\" frameborder=\"0\" allow=\"accelerometer; autoplay; encrypted-media; gyroscope; picture-in-picture\" allowfullscreen><\/iframe>\n<\/div><figcaption> Bluespend monitorea que tus proveedores de gastos no est\u00e9n en la lista de EFOs en el SAT.<\/figcaption><\/figure>\n\n\n\n<p>6.- Se agregaron nuevos filtros a los reportes para que se puedan obtener datos segmentados por fechas, por alg\u00fan empleado espec\u00edfico, por alguna categor\u00eda del gasto espec\u00edfica, por alg\u00fan \u00e1rea (espec\u00edfica) o por alg\u00fan proyecto, incluso se pueden segmentar por gastos que a\u00fan no han sido aprobados por los Validadores. Los reportes se pueden descargar en formato XLS, los archivos CFDI y de gastos no fiscales se descargan masivamente en un archivo .ZIP.<\/p>\n\n\n\n<figure class=\"wp-block-image size-large\"><img loading=\"lazy\" decoding=\"async\" width=\"1024\" height=\"501\" src=\"https:\/\/www.intekel.com\/blog\/wp-content\/uploads\/2020\/03\/Reporte-de-empleados-1024x501.png\" alt=\"\" class=\"wp-image-654\" srcset=\"https:\/\/www.intekel.com\/blog\/wp-content\/uploads\/2020\/03\/Reporte-de-empleados-1024x501.png 1024w, https:\/\/www.intekel.com\/blog\/wp-content\/uploads\/2020\/03\/Reporte-de-empleados-300x147.png 300w, https:\/\/www.intekel.com\/blog\/wp-content\/uploads\/2020\/03\/Reporte-de-empleados-768x375.png 768w, https:\/\/www.intekel.com\/blog\/wp-content\/uploads\/2020\/03\/Reporte-de-empleados.png 1344w\" sizes=\"auto, (max-width: 1024px) 100vw, 1024px\" \/><\/figure>\n\n\n\n<figure class=\"wp-block-image size-large\"><img loading=\"lazy\" decoding=\"async\" width=\"1024\" height=\"494\" src=\"https:\/\/www.intekel.com\/blog\/wp-content\/uploads\/2020\/03\/Reporte-detallado-pr-categoria-1024x494.png\" alt=\"\" class=\"wp-image-655\" srcset=\"https:\/\/www.intekel.com\/blog\/wp-content\/uploads\/2020\/03\/Reporte-detallado-pr-categoria-1024x494.png 1024w, https:\/\/www.intekel.com\/blog\/wp-content\/uploads\/2020\/03\/Reporte-detallado-pr-categoria-300x145.png 300w, https:\/\/www.intekel.com\/blog\/wp-content\/uploads\/2020\/03\/Reporte-detallado-pr-categoria-768x370.png 768w, https:\/\/www.intekel.com\/blog\/wp-content\/uploads\/2020\/03\/Reporte-detallado-pr-categoria.png 1333w\" sizes=\"auto, (max-width: 1024px) 100vw, 1024px\" \/><\/figure>\n\n\n\n<br><br>\n\n\n\n<h2 class=\"wp-block-heading\">RECURSOS:<\/h2>\n\n\n\n<p>a) Sitio oficial de Bluespend:  <a href=\"https:\/\/bluespend.intekel.com\/\">https:\/\/bluespend.intekel.com<\/a><\/p>\n\n\n\n<p>b) Centro de soporte de Bluespend para quejas, sugerencias y reporte de fallos:  <a href=\"https:\/\/ifo.com.mx\/soporte\">https:\/\/ifo.com.mx\/soporte<\/a> <\/p>\n\n\n\n<br><br>\n","protected":false},"excerpt":{"rendered":"<p>Escribimos esta gu\u00eda para presentarte las nuevas caracter\u00edsticas que hemos publicado en Bluespend para sus distintas plataformas, mismas que aqu\u00ed enumeramos: APLICACI\u00d3N M\u00d3VIL. &#8211; En caso que usted desee reportar una incidencia o sugerencias de mejoras, podr\u00e1 acceder en el men\u00fa de soporte de la app e ingresar a nuestro centro de soporte, en ese [&hellip;]<\/p>\n","protected":false},"author":1,"featured_media":663,"comment_status":"closed","ping_status":"closed","sticky":false,"template":"","format":"standard","meta":{"sfsi_plus_gutenberg_text_before_share":"","sfsi_plus_gutenberg_show_text_before_share":"","sfsi_plus_gutenberg_icon_type":"","sfsi_plus_gutenberg_icon_alignemt":"","sfsi_plus_gutenburg_max_per_row":"","footnotes":""},"categories":[16],"tags":[],"class_list":["post-635","post","type-post","status-publish","format-standard","has-post-thumbnail","hentry","category-productos"],"_links":{"self":[{"href":"https:\/\/www.intekel.com\/blog\/wp-json\/wp\/v2\/posts\/635","targetHints":{"allow":["GET"]}}],"collection":[{"href":"https:\/\/www.intekel.com\/blog\/wp-json\/wp\/v2\/posts"}],"about":[{"href":"https:\/\/www.intekel.com\/blog\/wp-json\/wp\/v2\/types\/post"}],"author":[{"embeddable":true,"href":"https:\/\/www.intekel.com\/blog\/wp-json\/wp\/v2\/users\/1"}],"replies":[{"embeddable":true,"href":"https:\/\/www.intekel.com\/blog\/wp-json\/wp\/v2\/comments?post=635"}],"version-history":[{"count":8,"href":"https:\/\/www.intekel.com\/blog\/wp-json\/wp\/v2\/posts\/635\/revisions"}],"predecessor-version":[{"id":664,"href":"https:\/\/www.intekel.com\/blog\/wp-json\/wp\/v2\/posts\/635\/revisions\/664"}],"wp:featuredmedia":[{"embeddable":true,"href":"https:\/\/www.intekel.com\/blog\/wp-json\/wp\/v2\/media\/663"}],"wp:attachment":[{"href":"https:\/\/www.intekel.com\/blog\/wp-json\/wp\/v2\/media?parent=635"}],"wp:term":[{"taxonomy":"category","embeddable":true,"href":"https:\/\/www.intekel.com\/blog\/wp-json\/wp\/v2\/categories?post=635"},{"taxonomy":"post_tag","embeddable":true,"href":"https:\/\/www.intekel.com\/blog\/wp-json\/wp\/v2\/tags?post=635"}],"curies":[{"name":"wp","href":"https:\/\/api.w.org\/{rel}","templated":true}]}}