{"id":386,"date":"2018-08-05T21:54:32","date_gmt":"2018-08-06T02:54:32","guid":{"rendered":"http:\/\/www.intekel.com\/blog\/?p=386"},"modified":"2018-08-15T22:17:55","modified_gmt":"2018-08-16T03:17:55","slug":"comunicado-intekel-automatizacion-sostiene-reuniones-de-negocios-de-proveeduria-con-empresas-de-la-alianza-del-pacifico-dentro-del-marco-de-lab4-en-medellin","status":"publish","type":"post","link":"https:\/\/www.intekel.com\/blog\/comunicado-intekel-automatizacion-sostiene-reuniones-de-negocios-de-proveeduria-con-empresas-de-la-alianza-del-pacifico-dentro-del-marco-de-lab4-en-medellin\/","title":{"rendered":"Comunicado: INTEKEL AUTOMATIZACI\u00d3N sostiene reuniones de negocios de proveedur\u00eda con empresas de la Alianza del Pac\u00edfico dentro del marco de LAB4+ en Medellin"},"content":{"rendered":"<p><strong>Medell\u00edn, Colombia, 14 de junio de 2018.-<\/strong> Intekel Tecnolog\u00eda de Automatizaci\u00f3n Industrial, S.A. de C.V. (\u201cINTEKEL AUTOMATIZACI\u00d3N\u201d) sostuvo reuniones de negocios de proveedur\u00eda para los sectores de desarrollo de software e industrias creativas con empresas de Per\u00fa, Colombia, Chile y M\u00e9xico dentro del VI Foro de Innovaci\u00f3n y Emprendimiento LAB4+ de la Alianza del Pac\u00edfico, el evento fue organizado por las entidades: ProChile, ProColombia, PromPer\u00fa y ProM\u00e9xico, y se celebr\u00f3 del 12 al 14 de junio en la ciudad de Medell\u00edn, Rep\u00fablica de Colombia. <\/p>\n<p>El foro LAB4+ es uno de los eventos estrat\u00e9gicos de la Alianza del Pac\u00edfico para fortalecer y generar lazos comerciales entre exportadores y compradores de la cadena productiva de la Industria 4.0, as\u00ed como fomentar la innovaci\u00f3n, el emprendimiento y la internacionalizaci\u00f3n de las empresas de los pa\u00edses miembros por medio del intercambio de experiencias.<\/p>\n<p>Durante el evento, INTEKEL AUTOMATIZACI\u00d3N sostuvo 12 reuniones con empresas compradoras como las colombianas: INNOVACI\u00d3N EMPRESARIAL ISOLUCIONES, MVM INGENIER\u00cdA DE SOFTWARE, INNOVA LATIN, METRO MEDELLIN y BYMEDIA; empresas peruanas: TECHNOPARK, KABEL GROUP y MIDAS CAPITAL; empresas chilenas: TRANSBANK y EMPRESAS SB; y las empresas mexicanas NETDEV SOLUCIONES y SINERSYS.<\/p>\n<p>Como parte de la misi\u00f3n comercial en Medell\u00edn organizada por PROM\u00c9XICO, INTEKEL AUTOMATIZACI\u00d3N particip\u00f3 en el seminario internacional llamado \u201cel rol de la innovaci\u00f3n y las TICs en la relaci\u00f3n econ\u00f3mica M\u00e9xico-Colombia\u201d, mismo que fue presentado por la Embajadora de M\u00e9xico en Colombia Blanca Alcal\u00e1, a lo largo del seminario se debatieron temas como las oportunidades de inversi\u00f3n y negocios entre M\u00e9xico y Colombia, Pol\u00edtica P\u00fablica en Colombia de impulso a las TICs, la colaboraci\u00f3n p\u00fablico-privada en la innovaci\u00f3n y perspectivas del sector privado en la innovaci\u00f3n en el sector de las TICs.<\/p>\n<p>Durante las sesiones de trabajo, representantes de ProChile, ProColombia, PromPer\u00fa y ProM\u00e9xico presentaron las iniciativas que se est\u00e1n desarrollando en el marco de la Alianza del Pac\u00edfico para impulsar un ecosistema de emprendimiento e innovaci\u00f3n regional de alto impacto para mejorar los niveles de productividad de las econom\u00edas del bloque.<\/p>\n<p><strong>SOBRE LA ALIANZA DEL PAC\u00cdFICO.<\/strong><br \/>\nLa Alianza del Pac\u00edfico naci\u00f3 como una iniciativa econ\u00f3mica y de desarrollo entre cuatro naciones de Am\u00e9rica Latina: Chile, Colombia, M\u00e9xico y Per\u00fa. La Alianza busca la integraci\u00f3n profunda de servicios, capitales, inversiones y movimiento de personas para convertir al bloque en una potencial mundial de negocios y oportunidades. En conjunto, las econom\u00edas de los pa\u00edses miembros ocupan la octava potencia econ\u00f3mica y la octava potencia exportadora a nivel mundial. En Am\u00e9rica Latina y el Caribe, el bloque representa el 37% del PIB, concentra 52% del comercio total y atrae el 45% de la inversi\u00f3n extranjera directa. Entre los principales mercados objetivo se encuentran los pa\u00edses que integran la regi\u00f3n As\u00eda-Pac\u00edfico, una de las regiones fundamentales de la econom\u00eda global. <\/p>\n<p><strong>SOBRE INTEKEL AUTOMATIZACI\u00d3N.<\/strong><br \/>\nINTEKEL AUTOMATIZACI\u00d3N es una compa\u00f1\u00eda tecnol\u00f3gica industrial creada en 2013 fabricante de software robusto y de soluciones de automatizaci\u00f3n para diversos mercados como log\u00edstica, industrial, agroindustria, qu\u00edmico, energ\u00eda y de servicios. La empresa est\u00e1 ofreciendo como factor diferenciador servicios con inteligencia artificial, machine learning, business intelligence y conectores con sistemas SAP y QuickBooks.<\/p>\n","protected":false},"excerpt":{"rendered":"<p>Medell\u00edn, Colombia, 14 de junio de 2018.- Intekel Tecnolog\u00eda de Automatizaci\u00f3n Industrial, S.A. de C.V. (\u201cINTEKEL AUTOMATIZACI\u00d3N\u201d) sostuvo reuniones de negocios de proveedur\u00eda para los sectores de desarrollo de software e industrias creativas con empresas de Per\u00fa, Colombia, Chile y M\u00e9xico dentro del VI Foro de Innovaci\u00f3n y Emprendimiento LAB4+ de la Alianza del Pac\u00edfico, [&hellip;]<\/p>\n","protected":false},"author":1,"featured_media":387,"comment_status":"closed","ping_status":"closed","sticky":false,"template":"","format":"standard","meta":{"sfsi_plus_gutenberg_text_before_share":"","sfsi_plus_gutenberg_show_text_before_share":"","sfsi_plus_gutenberg_icon_type":"","sfsi_plus_gutenberg_icon_alignemt":"","sfsi_plus_gutenburg_max_per_row":"","footnotes":""},"categories":[6],"tags":[12,11,13,14],"class_list":["post-386","post","type-post","status-publish","format-standard","has-post-thumbnail","hentry","category-eventos","tag-alianza-del-pacifico","tag-intekel","tag-lab4","tag-promexico"],"_links":{"self":[{"href":"https:\/\/www.intekel.com\/blog\/wp-json\/wp\/v2\/posts\/386","targetHints":{"allow":["GET"]}}],"collection":[{"href":"https:\/\/www.intekel.com\/blog\/wp-json\/wp\/v2\/posts"}],"about":[{"href":"https:\/\/www.intekel.com\/blog\/wp-json\/wp\/v2\/types\/post"}],"author":[{"embeddable":true,"href":"https:\/\/www.intekel.com\/blog\/wp-json\/wp\/v2\/users\/1"}],"replies":[{"embeddable":true,"href":"https:\/\/www.intekel.com\/blog\/wp-json\/wp\/v2\/comments?post=386"}],"version-history":[{"count":2,"href":"https:\/\/www.intekel.com\/blog\/wp-json\/wp\/v2\/posts\/386\/revisions"}],"predecessor-version":[{"id":389,"href":"https:\/\/www.intekel.com\/blog\/wp-json\/wp\/v2\/posts\/386\/revisions\/389"}],"wp:featuredmedia":[{"embeddable":true,"href":"https:\/\/www.intekel.com\/blog\/wp-json\/wp\/v2\/media\/387"}],"wp:attachment":[{"href":"https:\/\/www.intekel.com\/blog\/wp-json\/wp\/v2\/media?parent=386"}],"wp:term":[{"taxonomy":"category","embeddable":true,"href":"https:\/\/www.intekel.com\/blog\/wp-json\/wp\/v2\/categories?post=386"},{"taxonomy":"post_tag","embeddable":true,"href":"https:\/\/www.intekel.com\/blog\/wp-json\/wp\/v2\/tags?post=386"}],"curies":[{"name":"wp","href":"https:\/\/api.w.org\/{rel}","templated":true}]}}