{"id":1334,"date":"2024-10-28T14:13:21","date_gmt":"2024-10-28T20:13:21","guid":{"rendered":"https:\/\/www.intekel.com\/blog\/?p=1334"},"modified":"2025-01-25T14:38:46","modified_gmt":"2025-01-25T20:38:46","slug":"un-mes-de-crecimiento-y-conexiones-eventos-clave-de-septiembre-en-intekel-tecnologia","status":"publish","type":"post","link":"https:\/\/www.intekel.com\/blog\/un-mes-de-crecimiento-y-conexiones-eventos-clave-de-septiembre-en-intekel-tecnologia\/","title":{"rendered":"<strong>Un Mes de Crecimiento y Conexiones: Eventos Clave de Septiembre en Intekel Tecnolog\u00eda<\/strong>"},"content":{"rendered":"\n<p>Septiembre fue un mes emocionante para Intekel, lleno de oportunidades que fortalecen nuestro compromiso con la innovaci\u00f3n y el crecimiento. Tuvimos el honor de participar en dos eventos importantes que nos permitieron conectarnos con l\u00edderes de la industria y explorar nuevas v\u00edas de colaboraci\u00f3n.<\/p>\n\n\n\n<h2 class=\"wp-block-heading\"><strong>Automotive &amp; Aerospace Nearshoring Summit 2024<\/strong><\/h2>\n\n\n\n<p>El jueves 5 de septiembre, asistimos al <strong>Automotive &amp; Aerospace Nearshoring Summit 2024<\/strong> en Chihuahua, un evento organizado por MEXICONOW que reuni\u00f3 a destacados actores de la industria automotriz y aeroespacial. Este evento fue fundamental para nosotros, ya que nos brind\u00f3 la oportunidad de:<\/p>\n\n\n\n<ul class=\"wp-block-list\">\n<li><strong>Conectar con l\u00edderes de la industria<\/strong>: Establecimos relaciones con profesionales influyentes que comparten nuestra visi\u00f3n de un futuro tecnol\u00f3gico m\u00e1s integrado y eficiente.<\/li>\n\n\n\n<li><strong>Explorar nuevas oportunidades de colaboraci\u00f3n<\/strong>: Discutimos proyectos potenciales y sinergias que pueden resultar en soluciones innovadoras para el sector.<\/li>\n\n\n\n<li><strong>Conocer las tendencias del mercado<\/strong>: Nos mantuvimos al tanto de las \u00faltimas tendencias y tecnolog\u00edas que est\u00e1n transformando estos sectores, lo que nos ayudar\u00e1 a anticipar y responder a las necesidades de nuestros clientes.<\/li>\n<\/ul>\n\n\n\n<h2 class=\"wp-block-heading\"><strong>VI Congreso Internacional OEA<\/strong><\/h2>\n\n\n\n<p>El martes 3 de septiembre en la ciudad de Guatemala, tambi\u00e9n estuvimos presentes en el <strong>VI Congreso Internacional OEA<\/strong>, donde tuvimos la oportunidad de fortalecer a\u00fan m\u00e1s nuestras conexiones. Este congreso fue una plataforma ideal para:<\/p>\n\n\n\n<ul class=\"wp-block-list\">\n<li><strong>Ampliar nuestra red de contactos<\/strong>: Interactuamos con otros profesionales y empresas del sector, lo que nos permiti\u00f3 forjar alianzas estrat\u00e9gicas que beneficiar\u00e1n nuestro crecimiento a largo plazo.<\/li>\n\n\n\n<li><strong>Intercambiar conocimientos y experiencias<\/strong>: Participamos en diversas ponencias y paneles donde se abordaron temas relevantes como la digitalizaci\u00f3n en la industria y la sostenibilidad, lo que nos brind\u00f3 nuevas perspectivas para aplicar en nuestros proyectos.<\/li>\n<\/ul>\n\n\n\n<p>Agradecemos a los organizadores y a todos los participantes de estos eventos. Estamos emocionados por lo que viene y por todas las oportunidades que se abrir\u00e1n gracias a estas experiencias. \u00a1Seguiremos trabajando para llevar tecnolog\u00eda a cada sector de la industria! \ud83d\ude80<\/p>\n\n\n\n<p><img loading=\"lazy\" decoding=\"async\" src=\"https:\/\/lh7-rt.googleusercontent.com\/docsz\/AD_4nXcMFll02LRyVyy4bkSVXeKbN1osGsJMhO1ts29bm3nKqvDIGh4tnbbyJV5cqJ5X6yYea52zaXhzolFIGc2tr4DhPUCA-gLKNUF30GPa4FEGWQJjeQlQEWxU2g0oQPOpCVmLiaNbJP71ImeolfGhKyMr0jI?key=Jt_kl2FX-EgSHzBbBlYbjQ\" width=\"373\" height=\"498\"><\/p>\n","protected":false},"excerpt":{"rendered":"<p>Septiembre fue un mes emocionante para Intekel, lleno de oportunidades que fortalecen nuestro compromiso con la innovaci\u00f3n y el crecimiento. Tuvimos el honor de participar en dos eventos importantes que nos permitieron conectarnos con l\u00edderes de la industria y explorar nuevas v\u00edas de colaboraci\u00f3n. Automotive &amp; Aerospace Nearshoring Summit 2024 El jueves 5 de septiembre, [&hellip;]<\/p>\n","protected":false},"author":1,"featured_media":0,"comment_status":"closed","ping_status":"closed","sticky":false,"template":"","format":"standard","meta":{"sfsi_plus_gutenberg_text_before_share":"","sfsi_plus_gutenberg_show_text_before_share":"","sfsi_plus_gutenberg_icon_type":"","sfsi_plus_gutenberg_icon_alignemt":"","sfsi_plus_gutenburg_max_per_row":"","footnotes":""},"categories":[6],"tags":[],"class_list":["post-1334","post","type-post","status-publish","format-standard","hentry","category-eventos"],"_links":{"self":[{"href":"https:\/\/www.intekel.com\/blog\/wp-json\/wp\/v2\/posts\/1334","targetHints":{"allow":["GET"]}}],"collection":[{"href":"https:\/\/www.intekel.com\/blog\/wp-json\/wp\/v2\/posts"}],"about":[{"href":"https:\/\/www.intekel.com\/blog\/wp-json\/wp\/v2\/types\/post"}],"author":[{"embeddable":true,"href":"https:\/\/www.intekel.com\/blog\/wp-json\/wp\/v2\/users\/1"}],"replies":[{"embeddable":true,"href":"https:\/\/www.intekel.com\/blog\/wp-json\/wp\/v2\/comments?post=1334"}],"version-history":[{"count":1,"href":"https:\/\/www.intekel.com\/blog\/wp-json\/wp\/v2\/posts\/1334\/revisions"}],"predecessor-version":[{"id":1335,"href":"https:\/\/www.intekel.com\/blog\/wp-json\/wp\/v2\/posts\/1334\/revisions\/1335"}],"wp:attachment":[{"href":"https:\/\/www.intekel.com\/blog\/wp-json\/wp\/v2\/media?parent=1334"}],"wp:term":[{"taxonomy":"category","embeddable":true,"href":"https:\/\/www.intekel.com\/blog\/wp-json\/wp\/v2\/categories?post=1334"},{"taxonomy":"post_tag","embeddable":true,"href":"https:\/\/www.intekel.com\/blog\/wp-json\/wp\/v2\/tags?post=1334"}],"curies":[{"name":"wp","href":"https:\/\/api.w.org\/{rel}","templated":true}]}}