{"id":1309,"date":"2023-11-12T11:20:00","date_gmt":"2023-11-12T17:20:00","guid":{"rendered":"https:\/\/www.intekel.com\/blog\/?p=1309"},"modified":"2025-01-25T14:39:42","modified_gmt":"2025-01-25T20:39:42","slug":"los-primeros-10-anos-de-intekel-automatizacion","status":"publish","type":"post","link":"https:\/\/www.intekel.com\/blog\/los-primeros-10-anos-de-intekel-automatizacion\/","title":{"rendered":"Los primeros 10 a\u00f1os de Intekel Automatizaci\u00f3n"},"content":{"rendered":"\n<p>10 a\u00f1os se dicen f\u00e1cil, fue un 12 de noviembre que se fund\u00f3 Intekel Tecnolog\u00eda de Automatizaci\u00f3n Industrial SA de CV, mirando hacia atr\u00e1s se puede observar un camino de subidas y bajas, muchas veces a punto de estrellar la nave (espec\u00edficamente en 4 ocasiones: agosto de 2016, marzo de 2017, abril de 2019 y todo el a\u00f1o 2020 con la pandemia de COVID-19) y otras veces pareciendo que la nave tomaba rumbo ascendente de forma definitiva, para nuevamente volver a caer.<\/p>\n\n\n\n<p>Definitivamente, en los eventos dif\u00edciles, es cuando m\u00e1s se aprende, quedan huellas dif\u00edciles de olvidar y, eso representa una gran fuente de conocimiento; por desgracia, todos esos momentos dif\u00edciles como cuando ya no ves la luz, cuando no tienes efectivo, cuando sientes que todo el sue\u00f1o se desmorona, no se explica en ning\u00fan MBA ni mucho menos en alg\u00fan libro vinculado a temas de emprendimiento y generaci\u00f3n de nuevas empresas, d\u00f3nde solo se habla de las grandes rondas de inversi\u00f3n que est\u00e1n levantando compa\u00f1\u00edas tecnol\u00f3gicas (el lado bonito del Venture Capital, pero no los momentos dif\u00edciles).<\/p>\n\n\n\n<p>Pero no todo ha sido momentos complicados, ha habido muchos momentos de gran satisfacci\u00f3n, como cuando la empresa gan\u00f3 el primer contrato (4 meses despu\u00e9s que la empresa se fund\u00f3: abril de 2014), o cuando la empresa realiz\u00f3 la primera venta a un cliente de Estados Unidos, fue a una compa\u00f1\u00eda con sede en Manvel, Texas, all\u00e1 por el mes de octubre de 2015, o cuando se tuvo el primer producto que se comercializ\u00f3 a m\u00e1s de 30 empresas medianas: el Intekel Financer con QuickBooks Desktop, o cuando la empresa fue reconocida por el Gobierno del Estado de Veracruz con el Distintivo Veracruz a la Competitividad 2016, o cuando la empresa registr\u00f3 su primer modelo de utilidad ante el Instituto Mexicano de la Propiedad Intelectual por un modelo aplicado a una m\u00e1quina de Control Num\u00e9rico, o cuando Intekel particip\u00f3 en la primera feria internacional, fue en aquella Expo Aladi 2016 celebrada en Torre\u00f3n, M\u00e9xico.<\/p>\n\n\n\n<p>A 10 a\u00f1os de la fundaci\u00f3n de Intekel Automatizaci\u00f3n, se est\u00e1n sentando bases para que la empresa pueda seguir creciendo en este empedrado, pero maravilloso camino, algunas de ellas se pueden visualizar en:<\/p>\n\n\n\n<ul class=\"wp-block-list\">\n<li>Participaciones en eventos internacionales en Colombia, Costa Rica, Guatemala y recientemente en Jamaica, que han permitido establecer nuevas relaciones comerciales.<\/li>\n\n\n\n<li>Base de clientes en Costa Rica, Guatemala, Estados Unidos, Panam\u00e1, Rep\u00fablica Dominicana y por supuesto M\u00e9xico (en un futuro cercano, Ecuador).<\/li>\n\n\n\n<li>Nuevos productos desarrollados por la empresa totalmente enfocados a nichos, los cu\u00e1les semana a semana recogen comentarios de clientes y se crean nuevas funciones que los hacen cada d\u00eda m\u00e1s competitivos.<\/li>\n\n\n\n<li>Cada d\u00eda m\u00e1s cerca de la auto-sostenibilidad respaldada en los productos tecnol\u00f3gicos que los ingenieros de Intekel dise\u00f1an con mucho esmero.<\/li>\n\n\n\n<li>Construcci\u00f3n de visi\u00f3n de negocios totalmente enfocada en mejorar la vida de los clientes finales (consumidores) como de los clientes internos (equipo de trabajo).<\/li>\n<\/ul>\n\n\n\n<p>Intekel se propone d\u00eda a d\u00eda en ser un poco mejor, actualmente no es la mejor compa\u00f1\u00eda en M\u00e9xico, pero con todo el esfuerzo del equipo de trabajo, lucha por ello.<\/p>\n\n\n\n<p>Gracias a todas las personas que han trabajado en Intekel, a las personas que est\u00e1n actualmente trabajando y a los que vendr\u00e1n, todos han contribuido a qu\u00e9 Intekel Automatizaci\u00f3n sea mejor.<\/p>\n\n\n\n<p>Gracias a todos los clientes que han contratado o que actualmente est\u00e1n trabajando con Intekel, gracias por su confianza, cada uno ha dejado aprendizajes, amistades y grandes momentos.<\/p>\n\n\n\n<p>Y gracias totales, a ese ser divino que nos ha ayudado en momentos apremiantes, sin su mano no estuviera la empresa actualmente, con su ayuda ha brindado muchas ense\u00f1anzas que cuando Intekel sea m\u00e1s grande, ayudar\u00e1 a recordar las ra\u00edces, de d\u00f3nde venimos y cu\u00e1l es el prop\u00f3sito de todo.<\/p>\n\n\n\n<p>Felices primeros 10 a\u00f1os de Intekel Automatizaci\u00f3n!<\/p>\n","protected":false},"excerpt":{"rendered":"<p>10 a\u00f1os se dicen f\u00e1cil, fue un 12 de noviembre que se fund\u00f3 Intekel Tecnolog\u00eda de Automatizaci\u00f3n Industrial SA de CV, mirando hacia atr\u00e1s se puede observar un camino de subidas y bajas, muchas veces a punto de estrellar la nave (espec\u00edficamente en 4 ocasiones: agosto de 2016, marzo de 2017, abril de 2019 y [&hellip;]<\/p>\n","protected":false},"author":1,"featured_media":1310,"comment_status":"closed","ping_status":"closed","sticky":false,"template":"","format":"standard","meta":{"sfsi_plus_gutenberg_text_before_share":"","sfsi_plus_gutenberg_show_text_before_share":"","sfsi_plus_gutenberg_icon_type":"","sfsi_plus_gutenberg_icon_alignemt":"","sfsi_plus_gutenburg_max_per_row":"","footnotes":""},"categories":[6],"tags":[],"class_list":["post-1309","post","type-post","status-publish","format-standard","has-post-thumbnail","hentry","category-eventos"],"_links":{"self":[{"href":"https:\/\/www.intekel.com\/blog\/wp-json\/wp\/v2\/posts\/1309","targetHints":{"allow":["GET"]}}],"collection":[{"href":"https:\/\/www.intekel.com\/blog\/wp-json\/wp\/v2\/posts"}],"about":[{"href":"https:\/\/www.intekel.com\/blog\/wp-json\/wp\/v2\/types\/post"}],"author":[{"embeddable":true,"href":"https:\/\/www.intekel.com\/blog\/wp-json\/wp\/v2\/users\/1"}],"replies":[{"embeddable":true,"href":"https:\/\/www.intekel.com\/blog\/wp-json\/wp\/v2\/comments?post=1309"}],"version-history":[{"count":4,"href":"https:\/\/www.intekel.com\/blog\/wp-json\/wp\/v2\/posts\/1309\/revisions"}],"predecessor-version":[{"id":1316,"href":"https:\/\/www.intekel.com\/blog\/wp-json\/wp\/v2\/posts\/1309\/revisions\/1316"}],"wp:featuredmedia":[{"embeddable":true,"href":"https:\/\/www.intekel.com\/blog\/wp-json\/wp\/v2\/media\/1310"}],"wp:attachment":[{"href":"https:\/\/www.intekel.com\/blog\/wp-json\/wp\/v2\/media?parent=1309"}],"wp:term":[{"taxonomy":"category","embeddable":true,"href":"https:\/\/www.intekel.com\/blog\/wp-json\/wp\/v2\/categories?post=1309"},{"taxonomy":"post_tag","embeddable":true,"href":"https:\/\/www.intekel.com\/blog\/wp-json\/wp\/v2\/tags?post=1309"}],"curies":[{"name":"wp","href":"https:\/\/api.w.org\/{rel}","templated":true}]}}